{"id":3132,"date":"2025-04-18T08:50:24","date_gmt":"2025-04-18T08:50:24","guid":{"rendered":"https:\/\/inhetlaag.nl\/?p=3132"},"modified":"2025-04-18T08:53:32","modified_gmt":"2025-04-18T08:53:32","slug":"the-colorfield-performance-2025-bij-vrijheidsmuseum-groesbeek","status":"publish","type":"post","link":"https:\/\/inhetlaag.nl\/?p=3132","title":{"rendered":"The Colorfield Performance 2025 bij vrijheidsmuseum Groesbeek"},"content":{"rendered":"\n<div class=\"wp-block-columns is-layout-flex wp-container-core-columns-is-layout-9d6595d7 wp-block-columns-is-layout-flex\">\n<div class=\"wp-block-column is-layout-flow wp-block-column-is-layout-flow\">\n<figure class=\"wp-block-image size-full\"><a href=\"https:\/\/inhetlaag.nl\/wp-content\/uploads\/2025\/04\/mini-DSC_0500_verkleind.jpg\"><img fetchpriority=\"high\" decoding=\"async\" width=\"800\" height=\"531\" src=\"https:\/\/inhetlaag.nl\/wp-content\/uploads\/2025\/04\/mini-DSC_0500_verkleind.jpg\" alt=\"\" class=\"wp-image-3123\" srcset=\"https:\/\/inhetlaag.nl\/wp-content\/uploads\/2025\/04\/mini-DSC_0500_verkleind.jpg 800w, https:\/\/inhetlaag.nl\/wp-content\/uploads\/2025\/04\/mini-DSC_0500_verkleind-300x200.jpg 300w, https:\/\/inhetlaag.nl\/wp-content\/uploads\/2025\/04\/mini-DSC_0500_verkleind-768x510.jpg 768w, https:\/\/inhetlaag.nl\/wp-content\/uploads\/2025\/04\/mini-DSC_0500_verkleind-420x280.jpg 420w\" sizes=\"(max-width: 800px) 100vw, 800px\" \/><\/a><\/figure>\n<\/div>\n\n\n\n<div class=\"wp-block-column is-layout-flow wp-block-column-is-layout-flow\">\n<figure class=\"wp-block-image size-full\"><a href=\"https:\/\/inhetlaag.nl\/wp-content\/uploads\/2025\/04\/mini-DSC_0516_verkleind.jpg\"><img decoding=\"async\" width=\"800\" height=\"531\" src=\"https:\/\/inhetlaag.nl\/wp-content\/uploads\/2025\/04\/mini-DSC_0516_verkleind.jpg\" alt=\"\" class=\"wp-image-3124\" srcset=\"https:\/\/inhetlaag.nl\/wp-content\/uploads\/2025\/04\/mini-DSC_0516_verkleind.jpg 800w, https:\/\/inhetlaag.nl\/wp-content\/uploads\/2025\/04\/mini-DSC_0516_verkleind-300x200.jpg 300w, https:\/\/inhetlaag.nl\/wp-content\/uploads\/2025\/04\/mini-DSC_0516_verkleind-768x510.jpg 768w, https:\/\/inhetlaag.nl\/wp-content\/uploads\/2025\/04\/mini-DSC_0516_verkleind-420x280.jpg 420w\" sizes=\"(max-width: 800px) 100vw, 800px\" \/><\/a><\/figure>\n<\/div>\n\n\n\n<div class=\"wp-block-column is-layout-flow wp-block-column-is-layout-flow\">\n<figure class=\"wp-block-image size-full\"><a href=\"https:\/\/inhetlaag.nl\/wp-content\/uploads\/2025\/04\/mini-DSC_0468_verkleind.jpg\"><img decoding=\"async\" width=\"800\" height=\"531\" src=\"https:\/\/inhetlaag.nl\/wp-content\/uploads\/2025\/04\/mini-DSC_0468_verkleind.jpg\" alt=\"\" class=\"wp-image-3122\" srcset=\"https:\/\/inhetlaag.nl\/wp-content\/uploads\/2025\/04\/mini-DSC_0468_verkleind.jpg 800w, https:\/\/inhetlaag.nl\/wp-content\/uploads\/2025\/04\/mini-DSC_0468_verkleind-300x200.jpg 300w, https:\/\/inhetlaag.nl\/wp-content\/uploads\/2025\/04\/mini-DSC_0468_verkleind-768x510.jpg 768w, https:\/\/inhetlaag.nl\/wp-content\/uploads\/2025\/04\/mini-DSC_0468_verkleind-420x280.jpg 420w\" sizes=\"(max-width: 800px) 100vw, 800px\" \/><\/a><\/figure>\n<\/div>\n<\/div>\n\n\n<div class=\"wp-block-image\">\n<figure class=\"alignleft size-full is-resized\"><img loading=\"lazy\" decoding=\"async\" width=\"553\" height=\"228\" src=\"https:\/\/inhetlaag.nl\/wp-content\/uploads\/2025\/04\/Naamloos.jpg\" alt=\"\" class=\"wp-image-3127\" style=\"width:143px;height:auto\" srcset=\"https:\/\/inhetlaag.nl\/wp-content\/uploads\/2025\/04\/Naamloos.jpg 553w, https:\/\/inhetlaag.nl\/wp-content\/uploads\/2025\/04\/Naamloos-300x124.jpg 300w\" sizes=\"(max-width: 553px) 100vw, 553px\" \/><\/figure>\n<\/div>\n\n\n<p>Groesbeek staat komende zomer in het teken van kleur, kunst en vrijheid. Van 1 mei tot en met 17 september 2025 vindt aan de Wylerbaan de indrukwekkende openlucht tentoonstelling The Colorfield Performance 2025 plaats. Dit internationale kunstproject, een initiatief van monumentaal vormgever en kunstenaar Dirk Hakze, brengt maar liefst 300 kunstenaars uit binnen- en buitenland samen op een historisch beladen locatie, pal naast het Vrijheidsmuseum. Met als overkoepelend thema \u2018vrijheid\u2019 vormt dit project een levend en groeiend kunstwerk dat zijn gelijke niet kent.&nbsp;<\/p>\n\n\n\n<p><strong>Vrijheid in V-vorm:<\/strong> De opstelling van het project is even indrukwekkend als betekenisvol. Op een glooiend veld staan 336 panelen in de vorm van een V \u2013 symbool voor vrijheid \u00e9n verwijzing naar de 336 dagen tussen D-Day op 6 juni 1944 en de Duitse capitulatie op 7 mei 1945. Elk paneel wordt op een andere dag beschilderd door steeds wisselende kunstenaars, wat resulteert in een dagelijks veranderend landschap vol kleur en expressie. De panelen vormen samen een monumentale installatie van 65 bij 130 meter. &nbsp;<\/p>\n\n\n\n<p><strong>Kunst als dialoog met het verleden<\/strong>: De locatie is niet toevallig gekozen: het Groesbeekse landschap draagt nog altijd de sporen van hevige gevechten tijdens de Tweede Wereldoorlog. Bovendien staat vlak naast het project het Vrijheidsmuseum. Hier leer je we onze vrijheid verloren, ervoor vochten en haar herwonnen, maar ook hoe we haar moeten blijven beschermen. Door juist op deze plek een explosie van kleur neer te zetten, geven de deelnemende kunstenaars symbolisch uitdrukking aan de kracht van vrijheid, creativiteit en verbondenheid. De werken zelf zijn volledig vrij qua invulling; ze hoeven niet expliciet met de oorlog te maken te hebben, zolang ze maar uitdrukking geven aan het gevoel van vrijheid \u2013 en dat liefst in zoveel mogelijk kleur. &nbsp;&nbsp;&nbsp;&nbsp;&nbsp;&nbsp;&nbsp;&nbsp;&nbsp;&nbsp;&nbsp;&nbsp;&nbsp;&nbsp;&nbsp;&nbsp;&nbsp;&nbsp;&nbsp;&nbsp;&nbsp;&nbsp;&nbsp;&nbsp;&nbsp;&nbsp;&nbsp;&nbsp;&nbsp;&nbsp;&nbsp;&nbsp;&nbsp;&nbsp;&nbsp;&nbsp;&nbsp;&nbsp;&nbsp;&nbsp;&nbsp;&nbsp;&nbsp;&nbsp;&nbsp;&nbsp;&nbsp;&nbsp;&nbsp;&nbsp;&nbsp;&nbsp;&nbsp;&nbsp;&nbsp;&nbsp;&nbsp;&nbsp;&nbsp;&nbsp;&nbsp;&nbsp;&nbsp;&nbsp;&nbsp;&nbsp;&nbsp;&nbsp;&nbsp;&nbsp;&nbsp;&nbsp;&nbsp;&nbsp;&nbsp;&nbsp;&nbsp;&nbsp;&nbsp;&nbsp;&nbsp;&nbsp;&nbsp;&nbsp;&nbsp;&nbsp;&nbsp;&nbsp;&nbsp;&nbsp;&nbsp;&nbsp;&nbsp;&nbsp;&nbsp;&nbsp;&nbsp;&nbsp;&nbsp;&nbsp;&nbsp;&nbsp;&nbsp;&nbsp;&nbsp;&nbsp;&nbsp;&nbsp;&nbsp;&nbsp;&nbsp;&nbsp;&nbsp;&nbsp;&nbsp;&nbsp;&nbsp;&nbsp;&nbsp;&nbsp;&nbsp;&nbsp;&nbsp;&nbsp;<\/p>\n\n\n\n<p><strong>Een open atelier voor iedereen: <\/strong>Wat The Colorfield Performance uniek maakt, is dat het hele creatieproces in de open lucht plaatsvindt, voor iedereen zichtbaar en gratis toegankelijk. Bezoekers zijn welkom om het veld dagelijks te bezoeken, kunstenaars live aan het werk te zien, met hen in gesprek te gaan en getuige te zijn van hoe kunst ontstaat. Deze transparante aanpak maakt het project laagdrempelig en inspirerend \u2013 niet alleen voor kunstliefhebbers, maar ook voor scholen, gezinnen en toevallige voorbijgangers.<\/p>\n\n\n\n<p><strong>Een internationale smeltkroes van kleur:<\/strong> Deelnemers komen uit alle windstreken: van Nederland, Duitsland en Belgi\u00eb tot Frankrijk, Spanje, Griekenland, Hongarije, Zuid- Afrika en de Verenigde Staten.<\/p>\n\n\n\n<p>Ook (relatief onbekende) autodidacten krijgen hier een plek naast gevestigde namen, wat zorgt voor een boeiende mix van stijlen, technieken en persoonlijke verhalen. Elke kunstenaar heeft \u00e9\u00e9n dag om zijn of haar paneel te schilderen, en werkt onder de creatieve regel: g\u00e9\u00e9n zwart gebruiken \u2013 want zwart absorbeert al het licht, terwijl deze performance juist licht en kleur wil vieren.<\/p>\n\n\n\n<p>Kunst als brug naar de toekomst: Met The Colorfield Performance 2025 wil Dirk Hakze \u2013 die eerder monumentale kunstprojecten realiseerde in onder meer Oerol Festival en Park Lingezegen \u2013 een krachtige visuele herinnering cre\u00ebren aan wat vrijheid betekent. Niet als statisch monument, maar als een dynamisch veld van kleur, creativiteit en internationale verbondenheid.<\/p>\n\n\n\n<p>Bezoek The Colorfield Performance 2025 van 1 mei tot 17 september aan de Wylerbaan in Groesbeek. Gratis toegankelijk, dagelijks nieuw. Laat je verrassen, ontroeren en inspireren door de kracht van kleur en vrijheid. Meer informatie<a href=\"http:\/\/www.thecolorfieldperformance.nl\"> www.thecolorfieldperformance.nl <\/a><strong> <\/strong><strong>====================================================================<\/strong>=<\/p>\n","protected":false},"excerpt":{"rendered":"<p>Groesbeek staat komende zomer in het teken van kleur, kunst en vrijheid. Van 1 mei tot en met 17 september 2025 vindt aan de Wylerbaan<\/p>\n","protected":false},"author":1,"featured_media":0,"comment_status":"open","ping_status":"open","sticky":false,"template":"","format":"standard","meta":{"footnotes":""},"categories":[3],"tags":[],"class_list":["post-3132","post","type-post","status-publish","format-standard","hentry","category-laatste-nieuws"],"_links":{"self":[{"href":"https:\/\/inhetlaag.nl\/index.php?rest_route=\/wp\/v2\/posts\/3132","targetHints":{"allow":["GET"]}}],"collection":[{"href":"https:\/\/inhetlaag.nl\/index.php?rest_route=\/wp\/v2\/posts"}],"about":[{"href":"https:\/\/inhetlaag.nl\/index.php?rest_route=\/wp\/v2\/types\/post"}],"author":[{"embeddable":true,"href":"https:\/\/inhetlaag.nl\/index.php?rest_route=\/wp\/v2\/users\/1"}],"replies":[{"embeddable":true,"href":"https:\/\/inhetlaag.nl\/index.php?rest_route=%2Fwp%2Fv2%2Fcomments&post=3132"}],"version-history":[{"count":3,"href":"https:\/\/inhetlaag.nl\/index.php?rest_route=\/wp\/v2\/posts\/3132\/revisions"}],"predecessor-version":[{"id":3135,"href":"https:\/\/inhetlaag.nl\/index.php?rest_route=\/wp\/v2\/posts\/3132\/revisions\/3135"}],"wp:attachment":[{"href":"https:\/\/inhetlaag.nl\/index.php?rest_route=%2Fwp%2Fv2%2Fmedia&parent=3132"}],"wp:term":[{"taxonomy":"category","embeddable":true,"href":"https:\/\/inhetlaag.nl\/index.php?rest_route=%2Fwp%2Fv2%2Fcategories&post=3132"},{"taxonomy":"post_tag","embeddable":true,"href":"https:\/\/inhetlaag.nl\/index.php?rest_route=%2Fwp%2Fv2%2Ftags&post=3132"}],"curies":[{"name":"wp","href":"https:\/\/api.w.org\/{rel}","templated":true}]}}