{"id":2222,"date":"2024-09-25T15:47:26","date_gmt":"2024-09-25T15:47:26","guid":{"rendered":"https:\/\/inhetlaag.nl\/?p=2222"},"modified":"2024-09-25T15:50:00","modified_gmt":"2024-09-25T15:50:00","slug":"opladen-elektrische-auto-met-laadkabel-over-stoep-toegestaan-in-gemeente-berg-en-dal","status":"publish","type":"post","link":"https:\/\/inhetlaag.nl\/?p=2222","title":{"rendered":"Opladen elektrische auto met laadkabel over stoep toegestaan in gemeente Berg en Dal"},"content":{"rendered":"<div class=\"wp-block-image\">\n<figure class=\"alignright size-full is-resized\"><a href=\"https:\/\/inhetlaag.nl\/wp-content\/uploads\/2024\/09\/mat_oplaadkabel.jpg\"><img fetchpriority=\"high\" decoding=\"async\" width=\"565\" height=\"640\" src=\"https:\/\/inhetlaag.nl\/wp-content\/uploads\/2024\/09\/mat_oplaadkabel.jpg\" alt=\"\" class=\"wp-image-2221\" style=\"width:290px;height:auto\" srcset=\"https:\/\/inhetlaag.nl\/wp-content\/uploads\/2024\/09\/mat_oplaadkabel.jpg 565w, https:\/\/inhetlaag.nl\/wp-content\/uploads\/2024\/09\/mat_oplaadkabel-265x300.jpg 265w\" sizes=\"(max-width: 565px) 100vw, 565px\" \/><\/a><\/figure>\n<\/div>\n\n\n<p>In de gemeente Berg en Dal is het toegestaan om met een laadkabel over de stoep een elektrische auto op te laden vanuit eigen huis. Hierdoor kunnen ook inwoners zonder eigen oprit hun elektrische auto vanuit huis opladen. De gemeente heeft deze maatregel genomen omdat het aantal elektrische auto\u2019s de komende jaren flink zal toenemen. Met de maatregel komt de gemeente inwoners tegemoet die een elektrische auto \u00e9n laadpunt hebben, maar g\u00e9\u00e9n parkeerplek (oprit, garagebox, carport) op eigen terrein. Geen vergunning nodig, w\u00e9l aan voorwaarden verbonden Opladen met een laadkabel over de stoep vanuit huis wordt officieel een Verlengd Private Aansluiting (VPA) genoemd. Voor een VPA hoeven inwoners geen vergunning aan te vragen, maar er gelden wel voorwaarden. Zo is het niet toegestaan om laadkabels over fietspaden of rijbanen te leggen. En inwoners zijn zelf verantwoordelijk en aansprakelijk voor de laadkabel. Ook moet de laadkabel bedekt zijn met een rubberen kabelmat met zwart-gele strepen zodat voetgangers er niet over kunnen struikelen. Alle voorwaarden staan op <a href=\"https:\/\/www.bergendal.nl\/een-elektrische-auto-opladen-vanuit-eigen-huis\">www.bergendal.nl\/oplaadpunten-elektrische-voertuigen<\/a>. Geen oprit en geen eigen laadpunt? <\/p>\n\n\n\n<p>Inwoners die voor het opladen van hun elektrische auto afhankelijk zijn van een openbare laadpaal kunnen een openbare laadpaal aanvragen. Dit gaat via www.laadpaalaanvragenoost.nl\/ Een openbare laadpaal is te gebruiken door iedereen met een elektrische auto, dus niet alleen door de aanvrager. <strong>====================================================================<\/strong><\/p>\n","protected":false},"excerpt":{"rendered":"<p>In de gemeente Berg en Dal is het toegestaan om met een laadkabel over de stoep een elektrische auto op te laden vanuit eigen huis.<\/p>\n","protected":false},"author":1,"featured_media":0,"comment_status":"open","ping_status":"open","sticky":false,"template":"","format":"standard","meta":{"footnotes":""},"categories":[3],"tags":[],"class_list":["post-2222","post","type-post","status-publish","format-standard","hentry","category-laatste-nieuws"],"_links":{"self":[{"href":"https:\/\/inhetlaag.nl\/index.php?rest_route=\/wp\/v2\/posts\/2222","targetHints":{"allow":["GET"]}}],"collection":[{"href":"https:\/\/inhetlaag.nl\/index.php?rest_route=\/wp\/v2\/posts"}],"about":[{"href":"https:\/\/inhetlaag.nl\/index.php?rest_route=\/wp\/v2\/types\/post"}],"author":[{"embeddable":true,"href":"https:\/\/inhetlaag.nl\/index.php?rest_route=\/wp\/v2\/users\/1"}],"replies":[{"embeddable":true,"href":"https:\/\/inhetlaag.nl\/index.php?rest_route=%2Fwp%2Fv2%2Fcomments&post=2222"}],"version-history":[{"count":3,"href":"https:\/\/inhetlaag.nl\/index.php?rest_route=\/wp\/v2\/posts\/2222\/revisions"}],"predecessor-version":[{"id":2225,"href":"https:\/\/inhetlaag.nl\/index.php?rest_route=\/wp\/v2\/posts\/2222\/revisions\/2225"}],"wp:attachment":[{"href":"https:\/\/inhetlaag.nl\/index.php?rest_route=%2Fwp%2Fv2%2Fmedia&parent=2222"}],"wp:term":[{"taxonomy":"category","embeddable":true,"href":"https:\/\/inhetlaag.nl\/index.php?rest_route=%2Fwp%2Fv2%2Fcategories&post=2222"},{"taxonomy":"post_tag","embeddable":true,"href":"https:\/\/inhetlaag.nl\/index.php?rest_route=%2Fwp%2Fv2%2Ftags&post=2222"}],"curies":[{"name":"wp","href":"https:\/\/api.w.org\/{rel}","templated":true}]}}